{"id":1556,"date":"2020-11-11T09:44:19","date_gmt":"2020-11-11T09:44:19","guid":{"rendered":"http:\/\/aiki-jitsu.hu\/aiki-jitsu\/?p=1556"},"modified":"2020-11-11T09:44:21","modified_gmt":"2020-11-11T09:44:21","slug":"bbme-edzesek-covid-19","status":"publish","type":"post","link":"http:\/\/aiki-jitsu.hu\/aiki-jitsu\/bbme-edzesek-covid-19\/","title":{"rendered":"BBME edz\u00e9sek, COVID-19"},"content":{"rendered":"\n<p>Kedves Tan\u00edtv\u00e1nyaim! Kedves Sz\u00fcl\u0151k!<\/p>\n\n\n\n<p>Siker\u00fclt hajnalban \u00e1ttanulm\u00e1nyozni az \u00e9jjel megjelent korm\u00e1nyrendeletet, illetve a kialakult j\u00e1rv\u00e1nyhelyzetet.<\/p>\n\n\n\n<p>B\u00e1r nem ijed\u00fcnk meg a COVID-19 v\u00edrust\u00f3l \u00e9s nem akarunk f\u00e9lelemben \u00e9lni (ez nem is m\u00e9lt\u00f3 egy harcoshoz), de mindenk\u00e9ppen egyre s\u00falyosabb m\u00e9rt\u00e9k\u0171 a j\u00e1rv\u00e1ny minden szempontb\u00f3l. F\u0151leg a hal\u00e1loz\u00e1si mutat\u00f3k romlanak \u00e9s sajnos v\u00e1rhat\u00f3 a tov\u00e1bbi drasztikus roml\u00e1s is.<\/p>\n\n\n\n<p>T\u00e9ny, hogy mi sportol\u00f3k \u00e9s harcm\u0171v\u00e9szek vagyunk \u00e9s v\u00e9lhet\u0151leg ez \u00e9s az ehhez t\u00e1rsul\u00f3 eg\u00e9szs\u00e9ges \u00e9letm\u00f3d megfelel\u0151 garancia arra, hogy ne d\u00f6nts\u00f6n le benn\u00fcnket a v\u00edrus a l\u00e1bunkr\u00f3l. De mindezek nem adnak garanci\u00e1t arra, hogy nem kapjuk meg \u00e9s ak\u00e1r t\u00fcnetmentesen is, de nem adjuk tov\u00e1bb egym\u00e1snak, csal\u00e1dtagjainknak, szeretteinknek. Ez viszont m\u00e1r v\u00e9gzetes lehet b\u00e1rki sz\u00e1m\u00e1ra.<\/p>\n\n\n\n<p>Ez az a kock\u00e1zat, amelyet \u00e1t kell gondolnunk akkor, amikor esetleg elhat\u00e1rozzuk, hogy a most megjelent korm\u00e1nyrendelet el\u0151\u00edr\u00e1sai k\u00f6z\u00f6tt kiskapukat keresve \u00f6sszej\u00f6v\u00fcnk edzeni. Ezt \u00e9n erk\u00f6lcsileg nem tudom v\u00e1llalni \u00e9s \u00fagy gondolom, hogy senkinek sem f\u00e9r bele a csapatunkb\u00f3l\/csal\u00e1dunkb\u00f3l.<\/p>\n\n\n\n<p>Ha most a rendeletnek megfelel\u0151en le\u00e1llunk 30 napra \u00e9s komolyan vessz\u00fck azt a feladatot, hogy min\u00e9l jobban lecs\u00f6kkentj\u00fck a t\u00e1rsas\u00e1gba j\u00e1r\u00e1ssal egy\u00fctt a fert\u0151z\u0151d\u00e9s vesz\u00e9ly\u00e9t \u00e9s a v\u00edrus terjed\u00e9s\u00e9t, akkor nagyon sokat tett\u00fcnk a csal\u00e1dunk\u00e9rt, bar\u00e1taink\u00e9rt.<\/p>\n\n\n\n<p>Erre k\u00e9rlek most benneteket, hogy ut\u00e1na \u00fajult er\u0151vel futhassunk neki az edz\u00e9seknek.<\/p>\n\n\n\n<p>Amennyiben a j\u00e1rv\u00e1nyt siker\u00fcl meg\u00e1ll\u00edtani, akkor terveim szerint a kar\u00e1csonyi sz\u00fcnetben szervez\u00fcnk egy t\u00f6bb napos szemin\u00e1riumot rozsda pattint\u00e1s jelleggel. Ennek r\u00e9szleteit kidolgozom a le\u00e1ll\u00e1s alatt.<\/p>\n\n\n\n<p>Az \u00faj term\u00fcnk a mi k\u00f6z\u00f6s \u00f6sszefog\u00e1sunk \u00e1ltal j\u00f6tt l\u00e9tre \u00e9s ezt a k\u00f6z\u00f6s \u00e9rt\u00e9ket meg is fogjuk tartani. Hiszen ez egy olyan b\u00e1zis, ami biztos\u00edtja mindenki fejl\u0151d\u00e9s\u00e9t, egyes\u00fclet\u00fcnk k\u00f6z\u00f6s otthona.<\/p>\n\n\n\n<p>Maradjatok eg\u00e9szs\u00e9gesek \u00e9s gy\u0171jts\u00e9tek az energi\u00e1t az \u00fajrakezd\u00e9sre! (Az\u00e9rt ki lehet menni futni \u00e9s er\u0151s\u00edteni!!!\u00a0)<\/p>\n\n\n\n<p>Ziegler Csaba, BBME eln\u00f6k<\/p>\n\n\n\n<p><\/p>\n","protected":false},"excerpt":{"rendered":"<p>Kedves Tan\u00edtv\u00e1nyaim! Kedves Sz\u00fcl\u0151k! Siker\u00fclt hajnalban \u00e1ttanulm\u00e1nyozni az \u00e9jjel megjelent korm\u00e1nyrendeletet, illetve a kialakult j\u00e1rv\u00e1nyhelyzetet. B\u00e1r nem ijed\u00fcnk meg a<\/p>\n","protected":false},"author":1,"featured_media":0,"comment_status":"open","ping_status":"open","sticky":false,"template":"","format":"standard","meta":{"colormag_page_container_layout":"default_layout","colormag_page_sidebar_layout":"default_layout","footnotes":""},"categories":[1,3],"tags":[],"class_list":["post-1556","post","type-post","status-publish","format-standard","hentry","category-egyeb","category-friss-hirek"],"_links":{"self":[{"href":"http:\/\/aiki-jitsu.hu\/aiki-jitsu\/wp-json\/wp\/v2\/posts\/1556","targetHints":{"allow":["GET"]}}],"collection":[{"href":"http:\/\/aiki-jitsu.hu\/aiki-jitsu\/wp-json\/wp\/v2\/posts"}],"about":[{"href":"http:\/\/aiki-jitsu.hu\/aiki-jitsu\/wp-json\/wp\/v2\/types\/post"}],"author":[{"embeddable":true,"href":"http:\/\/aiki-jitsu.hu\/aiki-jitsu\/wp-json\/wp\/v2\/users\/1"}],"replies":[{"embeddable":true,"href":"http:\/\/aiki-jitsu.hu\/aiki-jitsu\/wp-json\/wp\/v2\/comments?post=1556"}],"version-history":[{"count":3,"href":"http:\/\/aiki-jitsu.hu\/aiki-jitsu\/wp-json\/wp\/v2\/posts\/1556\/revisions"}],"predecessor-version":[{"id":1559,"href":"http:\/\/aiki-jitsu.hu\/aiki-jitsu\/wp-json\/wp\/v2\/posts\/1556\/revisions\/1559"}],"wp:attachment":[{"href":"http:\/\/aiki-jitsu.hu\/aiki-jitsu\/wp-json\/wp\/v2\/media?parent=1556"}],"wp:term":[{"taxonomy":"category","embeddable":true,"href":"http:\/\/aiki-jitsu.hu\/aiki-jitsu\/wp-json\/wp\/v2\/categories?post=1556"},{"taxonomy":"post_tag","embeddable":true,"href":"http:\/\/aiki-jitsu.hu\/aiki-jitsu\/wp-json\/wp\/v2\/tags?post=1556"}],"curies":[{"name":"wp","href":"https:\/\/api.w.org\/{rel}","templated":true}]}}