{"id":1539,"date":"2020-07-24T08:19:05","date_gmt":"2020-07-24T08:19:05","guid":{"rendered":"http:\/\/aiki-jitsu.hu\/aiki-jitsu\/?p=1539"},"modified":"2020-07-24T08:19:06","modified_gmt":"2020-07-24T08:19:06","slug":"tabori-edzesbeosztas-a-felnottek-reszere","status":"publish","type":"post","link":"http:\/\/aiki-jitsu.hu\/aiki-jitsu\/tabori-edzesbeosztas-a-felnottek-reszere\/","title":{"rendered":"T\u00e1bori edz\u00e9sbeoszt\u00e1s a feln\u0151ttek r\u00e9sz\u00e9re"},"content":{"rendered":"\n<p>2020.07.28 &#8211; 08.02 k\u00f6z\u00f6tt<\/p>\n\n\n\n<p class=\"has-text-align-center\"><strong>Edz\u00e9sbeoszt\u00e1s<\/strong><\/p>\n\n\n\n<p class=\"has-text-align-center\"><strong>2020. 07.\n28 \u2013 08.02.<\/strong><\/p>\n\n\n\n<figure class=\"wp-block-table\"><table class=\"\"><tbody><tr><td>\n  <strong><em>&nbsp;<\/em><\/strong>\n  <\/td><td>\n  <strong><em>kedd-szombat<\/em><\/strong><strong><em><\/em><\/strong>\n  <\/td><td>\n  <strong><em>vas\u00e1rnap<\/em><\/strong><strong><em><\/em><\/strong>\n  <\/td><\/tr><tr><td>\n  <strong><em>8.30\n  \u2013 9.30<\/em><\/strong><strong><em><\/em><\/strong>\n  <\/td><td>\n  <strong>tal\u00e1lkoz\u00f3<\/strong><strong><\/strong>\n  <\/td><td>\n  <strong>tal\u00e1lkoz\u00f3<\/strong><strong><\/strong>\n  <\/td><\/tr><tr><td>\n  <strong><em>9.30\n  \u2013 10.30<\/em><\/strong><strong><em><\/em><\/strong>\n  <\/td><td>\n  <strong>Iaido<\/strong>\n  <\/td><td>\n  <strong>\u00f6vvizsga<\/strong>\n  <\/td><\/tr><tr><td>\n  <strong><em>10.45\n  \u2013 12.15<\/em><\/strong><strong><em><\/em><\/strong>\n  <\/td><td>\n  <strong>Ju-jitsu<\/strong>\n  <\/td><td>\n  <strong>&nbsp;<\/strong>\n  <\/td><\/tr><tr><td>\n  <strong><em>12.15\n  \u2013 14.30<\/em><\/strong><strong><em><\/em><\/strong>\n  <\/td><td>\n  <strong>Eb\u00e9d<\/strong><strong><\/strong>\n  <\/td><td>\n  <strong>Eb\u00e9d<\/strong><strong><\/strong>\n  <\/td><\/tr><tr><td>\n  <strong><em>14.30\n  \u2013 17.00<\/em><\/strong><strong><em><\/em><\/strong>\n  <\/td><td>\n  <strong>Ju-jitsu, Chi ryu aiki jitsu<\/strong>\n  <\/td><td>\n  <strong>t\u00e1borz\u00e1r\u00e1s<\/strong>\n  <\/td><\/tr><tr><td>\n  <strong><em>17.15\n  \u2013 18.15<\/em><\/strong><strong><em><\/em><\/strong>\n  <\/td><td>\n  <strong>Okinawa Kobudo<\/strong>\n  <\/td><td>\n  <strong>&nbsp;<\/strong>\n  <\/td><\/tr><\/tbody><\/table><\/figure>\n","protected":false},"excerpt":{"rendered":"<p>2020.07.28 &#8211; 08.02 k\u00f6z\u00f6tt Edz\u00e9sbeoszt\u00e1s 2020. 07. 28 \u2013 08.02. &nbsp; kedd-szombat vas\u00e1rnap 8.30 \u2013 9.30 tal\u00e1lkoz\u00f3 tal\u00e1lkoz\u00f3 9.30 \u2013<\/p>\n","protected":false},"author":1,"featured_media":0,"comment_status":"open","ping_status":"open","sticky":false,"template":"","format":"standard","meta":{"colormag_page_container_layout":"default_layout","colormag_page_sidebar_layout":"default_layout","footnotes":""},"categories":[1,3],"tags":[],"class_list":["post-1539","post","type-post","status-publish","format-standard","hentry","category-egyeb","category-friss-hirek"],"_links":{"self":[{"href":"http:\/\/aiki-jitsu.hu\/aiki-jitsu\/wp-json\/wp\/v2\/posts\/1539","targetHints":{"allow":["GET"]}}],"collection":[{"href":"http:\/\/aiki-jitsu.hu\/aiki-jitsu\/wp-json\/wp\/v2\/posts"}],"about":[{"href":"http:\/\/aiki-jitsu.hu\/aiki-jitsu\/wp-json\/wp\/v2\/types\/post"}],"author":[{"embeddable":true,"href":"http:\/\/aiki-jitsu.hu\/aiki-jitsu\/wp-json\/wp\/v2\/users\/1"}],"replies":[{"embeddable":true,"href":"http:\/\/aiki-jitsu.hu\/aiki-jitsu\/wp-json\/wp\/v2\/comments?post=1539"}],"version-history":[{"count":2,"href":"http:\/\/aiki-jitsu.hu\/aiki-jitsu\/wp-json\/wp\/v2\/posts\/1539\/revisions"}],"predecessor-version":[{"id":1541,"href":"http:\/\/aiki-jitsu.hu\/aiki-jitsu\/wp-json\/wp\/v2\/posts\/1539\/revisions\/1541"}],"wp:attachment":[{"href":"http:\/\/aiki-jitsu.hu\/aiki-jitsu\/wp-json\/wp\/v2\/media?parent=1539"}],"wp:term":[{"taxonomy":"category","embeddable":true,"href":"http:\/\/aiki-jitsu.hu\/aiki-jitsu\/wp-json\/wp\/v2\/categories?post=1539"},{"taxonomy":"post_tag","embeddable":true,"href":"http:\/\/aiki-jitsu.hu\/aiki-jitsu\/wp-json\/wp\/v2\/tags?post=1539"}],"curies":[{"name":"wp","href":"https:\/\/api.w.org\/{rel}","templated":true}]}}